{"id":663,"__str__":"Projeto de Lei Ordin\u00e1ria n\u00ba 71 de 2022 | Proposi\u00e7\u00e3o Inclusa na Ordem do dia para Discuss\u00e3o | 21/09/2022","link_detail_backend":"/materia/tramitacao/663","metadata":{},"timestamp":"2022-10-04T11:35:31.409193-03:00","data_tramitacao":"2022-09-21","data_encaminhamento":null,"urgente":false,"turno":"","texto":"Proposi\u00e7\u00e3o inclusa na Ordem do Dia da Sess\u00e3o Plen\u00e1ria Ordin\u00e1ria do dia 21/09/2022 para DISCUSS\u00c3O DO PARECER.","data_fim_prazo":null,"ip":"177.22.57.86","ultima_edicao":"2022-10-04T11:34:52.629165-03:00","status":42,"materia":207,"unidade_tramitacao_local":14,"unidade_tramitacao_destino":14,"user":2}