{"id":4778,"__str__":"Projeto de Lei Ordin\u00e1ria n\u00ba 21 de 2026 | Proposi\u00e7\u00e3o Inclusa na Ordem do dia para Discuss\u00e3o | 02/04/2026","link_detail_backend":"/materia/tramitacao/4778","metadata":{},"timestamp":"2026-04-02T10:27:05.474373-03:00","data_tramitacao":"2026-04-02","data_encaminhamento":null,"urgente":false,"turno":"","texto":"Proposi\u00e7\u00e3o Inclusa na Ordem do Dia da Sess\u00e3o Plen\u00e1ria do dia 06/04/2026, para DISCUSS\u00c3O.","data_fim_prazo":null,"ip":"177.22.56.182","ultima_edicao":"2026-04-02T10:26:31.122092-03:00","status":42,"materia":2035,"unidade_tramitacao_local":14,"unidade_tramitacao_destino":14,"user":20}