{"id":437,"__str__":"Requerimento n\u00ba 6 de 2023","link_detail_backend":"/materia/437","metadata":{},"numero":6,"ano":2023,"numero_protocolo":11,"data_apresentacao":"2023-02-01","tipo_apresentacao":"E","data_publicacao":null,"numero_origem_externa":"","ano_origem_externa":null,"data_origem_externa":null,"apelido":"","dias_prazo":null,"data_fim_prazo":null,"em_tramitacao":false,"polemica":false,"objeto":"","complementar":false,"ementa":"REQUER AUTORIZA\u00c7\u00c3O PARA VIAJAR A PORTO ALEGRE/RS, A SERVI\u00c7O DO MANDATO, COM RECEBIMENTO DE DI\u00c1RIAS, ADIANTAMENTO PARA DESPESAS COM LOCOMO\u00c7\u00c3O, BEM COMO, A UTILIZA\u00c7\u00c3O DO VE\u00cdCULO OFICIAL DA C\u00c2MARA, DE 07 A 09/02/2023, VISANDO CUMPRIR AGENDAS NAS SECRETARIAS, DA AGRICULTURA, DE DESENVOLVIMENTO, DE TRANSPORTE E LOG\u00cdSTICA, E INCRA, PARA TRATAR SOBRE A ESTIAGEM NO MUNIC\u00cdPIO.","indexacao":"","observacao":"","resultado":"","texto_original":null,"data_ultima_atualizacao":"2023-02-15T14:21:48.824316-03:00","ip":"177.22.57.78","ultima_edicao":"2023-02-01T14:30:12.629032-03:00","tipo":8,"regime_tramitacao":1,"tipo_origem_externa":null,"local_origem_externa":null,"user":12,"anexadas":[],"autores":[9]}